{"id":185,"date":"2019-04-07T16:56:51","date_gmt":"2019-04-07T16:56:51","guid":{"rendered":"https:\/\/tafel-drensteinfurt.de\/?p=185"},"modified":"2019-04-07T16:56:51","modified_gmt":"2019-04-07T16:56:51","slug":"erfolgreicher-tag","status":"publish","type":"post","link":"https:\/\/www.tafel-drensteinfurt.de\/?p=185","title":{"rendered":"Erfolgreicher Tag"},"content":{"rendered":"<p>Das Interesse an unserem Tag der offenen T\u00fcr war gro\u00df. \u00d6rtliche Vereine und interessierte Besucher waren gekommen, um sich die umgestalteten R\u00e4ume des Ladenlokals anzuschauen. Bei einem St\u00fcck Kuchen und Kaffee kam es zu vielen interessanten Gespr\u00e4chen. Wir haben uns sehr dar\u00fcber gefreut und nehmen dies als Ansporn mit in die Startphase der Tafel.<\/p>\n<p><img loading=\"lazy\" decoding=\"async\" class=\"alignnone size-medium wp-image-184\" src=\"https:\/\/www.tafel-drensteinfurt.de\/wp-content\/uploads\/2019\/04\/Tag-der-offenen-Tu\u0308r-300x200.jpg\" alt=\"\" width=\"300\" height=\"200\" srcset=\"https:\/\/www.tafel-drensteinfurt.de\/wp-content\/uploads\/2019\/04\/Tag-der-offenen-Tu\u0308r-300x200.jpg 300w, https:\/\/www.tafel-drensteinfurt.de\/wp-content\/uploads\/2019\/04\/Tag-der-offenen-Tu\u0308r-768x512.jpg 768w, https:\/\/www.tafel-drensteinfurt.de\/wp-content\/uploads\/2019\/04\/Tag-der-offenen-Tu\u0308r-1024x682.jpg 1024w, https:\/\/www.tafel-drensteinfurt.de\/wp-content\/uploads\/2019\/04\/Tag-der-offenen-Tu\u0308r.jpg 1600w\" sizes=\"(max-width: 300px) 100vw, 300px\" \/>Foto: Mechtild Wiesrecker<\/p>\n","protected":false},"excerpt":{"rendered":"<p>Das Interesse an unserem Tag der offenen T\u00fcr war gro\u00df. \u00d6rtliche Vereine und interessierte Besucher waren gekommen, um sich die umgestalteten R\u00e4ume des Ladenlokals anzuschauen. Bei einem St\u00fcck Kuchen und Kaffee kam es zu vielen interessanten Gespr\u00e4chen. Wir haben uns sehr dar\u00fcber gefreut und nehmen dies als Ansporn mit in<\/p>\n","protected":false},"author":4,"featured_media":0,"comment_status":"closed","ping_status":"closed","sticky":false,"template":"","format":"standard","meta":{"footnotes":""},"categories":[4],"tags":[],"_links":{"self":[{"href":"https:\/\/www.tafel-drensteinfurt.de\/index.php?rest_route=\/wp\/v2\/posts\/185"}],"collection":[{"href":"https:\/\/www.tafel-drensteinfurt.de\/index.php?rest_route=\/wp\/v2\/posts"}],"about":[{"href":"https:\/\/www.tafel-drensteinfurt.de\/index.php?rest_route=\/wp\/v2\/types\/post"}],"author":[{"embeddable":true,"href":"https:\/\/www.tafel-drensteinfurt.de\/index.php?rest_route=\/wp\/v2\/users\/4"}],"replies":[{"embeddable":true,"href":"https:\/\/www.tafel-drensteinfurt.de\/index.php?rest_route=%2Fwp%2Fv2%2Fcomments&post=185"}],"version-history":[{"count":1,"href":"https:\/\/www.tafel-drensteinfurt.de\/index.php?rest_route=\/wp\/v2\/posts\/185\/revisions"}],"predecessor-version":[{"id":186,"href":"https:\/\/www.tafel-drensteinfurt.de\/index.php?rest_route=\/wp\/v2\/posts\/185\/revisions\/186"}],"wp:attachment":[{"href":"https:\/\/www.tafel-drensteinfurt.de\/index.php?rest_route=%2Fwp%2Fv2%2Fmedia&parent=185"}],"wp:term":[{"taxonomy":"category","embeddable":true,"href":"https:\/\/www.tafel-drensteinfurt.de\/index.php?rest_route=%2Fwp%2Fv2%2Fcategories&post=185"},{"taxonomy":"post_tag","embeddable":true,"href":"https:\/\/www.tafel-drensteinfurt.de\/index.php?rest_route=%2Fwp%2Fv2%2Ftags&post=185"}],"curies":[{"name":"wp","href":"https:\/\/api.w.org\/{rel}","templated":true}]}}