{"id":233,"date":"2019-11-01T11:26:12","date_gmt":"2019-11-01T11:26:12","guid":{"rendered":"https:\/\/tafel-drensteinfurt.de\/?p=233"},"modified":"2019-11-01T11:26:12","modified_gmt":"2019-11-01T11:26:12","slug":"leere-regale","status":"publish","type":"post","link":"https:\/\/www.tafel-drensteinfurt.de\/?p=233","title":{"rendered":"Leere Regale"},"content":{"rendered":"<p>Unsere 1. Spendenaktion im April &#8218;Kaufe zwei, Spende eins&#8216; war ein voller Erfolg! Vielen Dank an die Drensteinfurter B\u00fcrger, die so flei\u00dfig gespendet haben.<\/p>\n<p>Da inzwischen die Regale leer sind, m\u00f6chten wir nochmal eine Spendenaktion durchf\u00fchren und hoffen auf\u00a0einen ebenso gro\u00dfen Erfolg wie beim letzten Mal.<\/p>\n<p>Am Freitag, den 08. Nov. von 13 bis 17 Uhr und am Samstag, den 09. Nov. von 9 bis 13 Uhr sammeln ehrenamtlichen Helfer der Tafel in Drensteinfurt vor den Lebensmittelgesch\u00e4ften Rewe, Lidl, K+K und Aldi haltbare Lebensmittel, wie \u00d6l, Kaffee, Mehl und Zucker. Bitte unterst\u00fctzen sie uns!<\/p>\n<p>Diese Spenden kommen den Bed\u00fcrftigen zu Gute, die zur Tafel kommen. Vielen Dank.<\/p>\n<p><img loading=\"lazy\" decoding=\"async\" class=\"alignnone size-medium wp-image-234\" src=\"https:\/\/www.tafel-drensteinfurt.de\/wp-content\/uploads\/2019\/11\/Kauf-2-spende-1_2019-e1572607457692-169x300.jpg\" alt=\"\" width=\"169\" height=\"300\" srcset=\"https:\/\/www.tafel-drensteinfurt.de\/wp-content\/uploads\/2019\/11\/Kauf-2-spende-1_2019-e1572607457692-169x300.jpg 169w, https:\/\/www.tafel-drensteinfurt.de\/wp-content\/uploads\/2019\/11\/Kauf-2-spende-1_2019-e1572607457692-768x1365.jpg 768w, https:\/\/www.tafel-drensteinfurt.de\/wp-content\/uploads\/2019\/11\/Kauf-2-spende-1_2019-e1572607457692-576x1024.jpg 576w\" sizes=\"(max-width: 169px) 100vw, 169px\" \/>\u00a0ehrenamtliche Helfer der Tafel<\/p>\n","protected":false},"excerpt":{"rendered":"<p>Unsere 1. Spendenaktion im April &#8218;Kaufe zwei, Spende eins&#8216; war ein voller Erfolg! Vielen Dank an die Drensteinfurter B\u00fcrger, die so flei\u00dfig gespendet haben. Da inzwischen die Regale leer sind, m\u00f6chten wir nochmal eine Spendenaktion durchf\u00fchren und hoffen auf\u00a0einen ebenso gro\u00dfen Erfolg wie beim letzten Mal. Am Freitag, den 08.<\/p>\n","protected":false},"author":4,"featured_media":0,"comment_status":"closed","ping_status":"closed","sticky":false,"template":"","format":"standard","meta":{"footnotes":""},"categories":[4],"tags":[],"_links":{"self":[{"href":"https:\/\/www.tafel-drensteinfurt.de\/index.php?rest_route=\/wp\/v2\/posts\/233"}],"collection":[{"href":"https:\/\/www.tafel-drensteinfurt.de\/index.php?rest_route=\/wp\/v2\/posts"}],"about":[{"href":"https:\/\/www.tafel-drensteinfurt.de\/index.php?rest_route=\/wp\/v2\/types\/post"}],"author":[{"embeddable":true,"href":"https:\/\/www.tafel-drensteinfurt.de\/index.php?rest_route=\/wp\/v2\/users\/4"}],"replies":[{"embeddable":true,"href":"https:\/\/www.tafel-drensteinfurt.de\/index.php?rest_route=%2Fwp%2Fv2%2Fcomments&post=233"}],"version-history":[{"count":1,"href":"https:\/\/www.tafel-drensteinfurt.de\/index.php?rest_route=\/wp\/v2\/posts\/233\/revisions"}],"predecessor-version":[{"id":235,"href":"https:\/\/www.tafel-drensteinfurt.de\/index.php?rest_route=\/wp\/v2\/posts\/233\/revisions\/235"}],"wp:attachment":[{"href":"https:\/\/www.tafel-drensteinfurt.de\/index.php?rest_route=%2Fwp%2Fv2%2Fmedia&parent=233"}],"wp:term":[{"taxonomy":"category","embeddable":true,"href":"https:\/\/www.tafel-drensteinfurt.de\/index.php?rest_route=%2Fwp%2Fv2%2Fcategories&post=233"},{"taxonomy":"post_tag","embeddable":true,"href":"https:\/\/www.tafel-drensteinfurt.de\/index.php?rest_route=%2Fwp%2Fv2%2Ftags&post=233"}],"curies":[{"name":"wp","href":"https:\/\/api.w.org\/{rel}","templated":true}]}}