{"id":319,"date":"2021-03-19T08:49:20","date_gmt":"2021-03-19T08:49:20","guid":{"rendered":"https:\/\/tafel-drensteinfurt.de\/?p=319"},"modified":"2021-03-19T08:49:20","modified_gmt":"2021-03-19T08:49:20","slug":"ostern-kommt-bald","status":"publish","type":"post","link":"https:\/\/www.tafel-drensteinfurt.de\/?p=319","title":{"rendered":"Ostern kommt bald"},"content":{"rendered":"<p>Jetzt vor Ostern steht die Tafel vor leeren Regalen. Deshalb hoffen wir auf Unterst\u00fctzung der Bev\u00f6lkerung, wieder viele haltbare Lebensmittel zu spenden, damit wir unsere Kunden zu Ostern mit Lebensmitteln versorgen k\u00f6nnen.<\/p>\n<p>Die Tafel Drensteinfurt f\u00fchrt am Freitag, den 26.03. von 11 bis 13 Uhr und von 16 bis 18 Uhr und am Samstag, den 27.03. von 10 bis 14 Uhr die inzwischen schon etablierte Spendenaktion \u201eKaufe zwei, spende eins\u201c durch. Aufgrund fehlender Helfer kann die Aktion nicht vor allen Superm\u00e4rkten stattfinden. Voraussichtlich stehen die Helfer der Tafel vor Aldi, Lidl und REWE in Drensteinfurt und vor K u. K in Rinkerode.<\/p>\n<p><img loading=\"lazy\" decoding=\"async\" class=\"alignnone size-medium wp-image-274\" src=\"https:\/\/www.tafel-drensteinfurt.de\/wp-content\/uploads\/2020\/05\/Kauf-2-spende-1-Aktion-212x300.jpg\" alt=\"\" width=\"212\" height=\"300\" srcset=\"https:\/\/www.tafel-drensteinfurt.de\/wp-content\/uploads\/2020\/05\/Kauf-2-spende-1-Aktion-212x300.jpg 212w, https:\/\/www.tafel-drensteinfurt.de\/wp-content\/uploads\/2020\/05\/Kauf-2-spende-1-Aktion-768x1086.jpg 768w, https:\/\/www.tafel-drensteinfurt.de\/wp-content\/uploads\/2020\/05\/Kauf-2-spende-1-Aktion-724x1024.jpg 724w, https:\/\/www.tafel-drensteinfurt.de\/wp-content\/uploads\/2020\/05\/Kauf-2-spende-1-Aktion.jpg 1240w\" sizes=\"(max-width: 212px) 100vw, 212px\" \/><\/p>\n","protected":false},"excerpt":{"rendered":"<p>Jetzt vor Ostern steht die Tafel vor leeren Regalen. Deshalb hoffen wir auf Unterst\u00fctzung der Bev\u00f6lkerung, wieder viele haltbare Lebensmittel zu spenden, damit wir unsere Kunden zu Ostern mit Lebensmitteln versorgen k\u00f6nnen. Die Tafel Drensteinfurt f\u00fchrt am Freitag, den 26.03. von 11 bis 13 Uhr und von 16 bis 18<\/p>\n","protected":false},"author":4,"featured_media":0,"comment_status":"closed","ping_status":"closed","sticky":false,"template":"","format":"standard","meta":{"footnotes":""},"categories":[4],"tags":[],"_links":{"self":[{"href":"https:\/\/www.tafel-drensteinfurt.de\/index.php?rest_route=\/wp\/v2\/posts\/319"}],"collection":[{"href":"https:\/\/www.tafel-drensteinfurt.de\/index.php?rest_route=\/wp\/v2\/posts"}],"about":[{"href":"https:\/\/www.tafel-drensteinfurt.de\/index.php?rest_route=\/wp\/v2\/types\/post"}],"author":[{"embeddable":true,"href":"https:\/\/www.tafel-drensteinfurt.de\/index.php?rest_route=\/wp\/v2\/users\/4"}],"replies":[{"embeddable":true,"href":"https:\/\/www.tafel-drensteinfurt.de\/index.php?rest_route=%2Fwp%2Fv2%2Fcomments&post=319"}],"version-history":[{"count":2,"href":"https:\/\/www.tafel-drensteinfurt.de\/index.php?rest_route=\/wp\/v2\/posts\/319\/revisions"}],"predecessor-version":[{"id":321,"href":"https:\/\/www.tafel-drensteinfurt.de\/index.php?rest_route=\/wp\/v2\/posts\/319\/revisions\/321"}],"wp:attachment":[{"href":"https:\/\/www.tafel-drensteinfurt.de\/index.php?rest_route=%2Fwp%2Fv2%2Fmedia&parent=319"}],"wp:term":[{"taxonomy":"category","embeddable":true,"href":"https:\/\/www.tafel-drensteinfurt.de\/index.php?rest_route=%2Fwp%2Fv2%2Fcategories&post=319"},{"taxonomy":"post_tag","embeddable":true,"href":"https:\/\/www.tafel-drensteinfurt.de\/index.php?rest_route=%2Fwp%2Fv2%2Ftags&post=319"}],"curies":[{"name":"wp","href":"https:\/\/api.w.org\/{rel}","templated":true}]}}